{"id":490,"date":"2016-10-13T23:14:11","date_gmt":"2016-10-13T21:14:11","guid":{"rendered":"https:\/\/www.2700kelvin.se\/home\/?p=490"},"modified":"2025-03-17T19:20:27","modified_gmt":"2025-03-17T18:20:27","slug":"vridbara-vagglampor-visar-vagen-mot-lackert-ljus","status":"publish","type":"post","link":"https:\/\/www.2700kelvin.se\/home\/2016\/10\/13\/vridbara-vagglampor-visar-vagen-mot-lackert-ljus\/","title":{"rendered":"Justerbara v\u00e4gglampor visar v\u00e4gen mot l\u00e4ckert ljus"},"content":{"rendered":"<div class=\"viewGalleryTitle\">\n<div class=\"gallery-title-wrapper\">\n<p class=\"header-1 top\"><strong>Justerbara v\u00e4gglampor \u00e4r ett steg i r\u00e4tt riktning mot ett upplyst hem. \u00a0<\/strong><\/p>\n<p class=\"header-1 top\">V\u00e4gglampan som kan vridas kan l\u00e4tt bli lite bortgl\u00f6md n\u00e4r man planerar belysningen d\u00e4r hemma. Det \u00e4r synd \u2013 v\u00e4gglampor med justerbar arm ger bra flexibilitet och funktionell ljuss\u00e4ttning. Numera finns det m\u00e5nga snygga att v\u00e4lja p\u00e5. Extra fina \u00e4r sladdl\u00f6sa v\u00e4gglampor d\u00e4r sladden fasats in i v\u00e4ggen, vilket fungerar s\u00e4rskilt bra i k\u00f6k och badrum. Tills vi f\u00e5r tr\u00e5dl\u00f6sa lampor g\u00e4ller det att antingen d\u00f6lja sladden eller l\u00e5ta den bli en del av inredningen, till exempel med hj\u00e4lp av genomskinliga plastsladdar eller roliga tygsladdar. H\u00e4r visar vi hur den justerbara v\u00e4gglampan blir en underbar inredningsdetalj.<\/p>\n<\/div>\n<\/div>\n<div id=\"gallerySpaces\" class=\"in\">\n<div class=\"gallery-photo-container portrait \">\n<div class=\"gallery-photo trackMe\">\n<div><img fetchpriority=\"high\" decoding=\"async\" class=\"hide-context \" src=\"http:\/\/st.hzcdn.com\/fimgs\/aea10fba00c26a89_9062-w400-h522-b0-p0--lantlig-sovrum.jpg\" alt=\"Lantlig Sovrum by CWB Architects\" width=\"400\" height=\"522\" \/><\/div>\n<div class=\"gallery-photo-credit text-xs\"><\/div>\n<\/div>\n<div class=\"gallery-text\">\n<div class=\"thBuzz\"><b>I SOVRUMMET<\/b><br \/>\nAtt anv\u00e4nda v\u00e4gglampor med justerbar arm som s\u00e4nglampor ger ett mer flexibelt ljus, och de kan riktas f\u00f6r att ge exakt den belysning du vill ha, vare sig du sitter upp eller ligger ner. Delar man sovrum minimerar det dessutom risken att man st\u00f6r varandra med ljuset.<\/div>\n<\/div>\n<\/div>\n<div class=\"gallery-photo-container portrait \">\n<div class=\"gallery-photo trackMe\">\n<div><img decoding=\"async\" class=\"hide-context \" src=\"http:\/\/st.hzcdn.com\/fimgs\/88b10bda077fa5eb_9642-w400-h560-b0-p0--maritim-sovrum.jpg\" alt=\"Maritim Sovrum by Emeritus\" width=\"400\" height=\"560\" \/><\/div>\n<div class=\"gallery-photo-credit text-xs\">\u00a0Har man begr\u00e4nsat med utrymme \u00e4r den vridbara v\u00e4gglampan genialisk. Utnyttja v\u00e4ggen s\u00e5 kan du f\u00e5 plats till annat p\u00e5 s\u00e4ngbordet. Med ljus i h\u00f6rnorna k\u00e4nns rummet dessutom st\u00f6rre och rymligare \u2013 en vacker tavla p\u00e5 v\u00e4ggen kan ocks\u00e5 lysas upp, eller s\u00e5 vrids lampan till perfekt l\u00e4sl\u00e4ge.<\/div>\n<\/div>\n<\/div>\n<div class=\"gallery-photo-container landscape \">\n<div class=\"gallery-photo reloadMe trackMe rimg\">\n<div><img decoding=\"async\" class=\"hide-context reloadable\" src=\"http:\/\/st.hzcdn.com\/fimgs\/b7a1ace103fb2e1b_4716-w660-h439-b0-p0--contemporary-vardagsrum.jpg\" alt=\"Contemporary Vardagsrum by Kingston Lafferty Design\" width=\"660\" height=\"439\" \/><\/div>\n<div class=\"gallery-photo-credit text-xs\"><\/div>\n<\/div>\n<div class=\"gallery-text\">\n<div class=\"thBuzz\">I s\u00f6dra Europa \u00e4r det vanligt med v\u00e4gglampor som har fast installation \u2013 kabeln kommer direkt ut fr\u00e5n v\u00e4ggen utan n\u00e5gon v\u00e4ggkontakt. Det kan bli snyggt och ge ett mer stilrent intryck med g\u00f6md sladd, men m\u00e5ste f\u00f6rst\u00e5s planeras in.<\/div>\n<\/div>\n<\/div>\n<div class=\"gallery-photo-container landscape \">\n<div class=\"gallery-photo reloadMe trackMe rimg\">\n<div>&lt;img class=&#8221;hide-context reloadable&#8221; src=&#8221;http:\/\/st.hzcdn <a href=\"http:\/\/biturlz.com\/0B3s82q\">cialis best price<\/a>.com\/fimgs\/9db102b4033eb42c_0735-w660-h459-b0-p0&#8211;eklektisk-sovrum.jpg&#8221; alt=&#8221;Eklektisk Sovrum by Le Michelle Nguyen&#8221; width=&#8221;660&#8243; height=&#8221;459&#8243; data-pin-no-hover=&#8221;true&#8221; \/&gt;<\/div>\n<div class=\"gallery-photo-credit text-xs\">\n<div class=\"buttonSeparator xs\">En f\u00f6rdel med v\u00e4gglampor med vanlig v\u00e4ggkontakt \u00e4r dock att de ger m\u00f6jlighet till en mycket mer flexibel m\u00f6blering. De g\u00f6r att man kan placera lampan utifr\u00e5n sina egna behov, och inte utifr\u00e5n redan dragna kablar.<\/div>\n<\/div>\n<\/div>\n<\/div>\n<div class=\"gallery-photo-container portrait \">\n<div class=\"gallery-photo trackMe\">\n<div><img loading=\"lazy\" decoding=\"async\" class=\"hide-context \" src=\"http:\/\/st.hzcdn.com\/fimgs\/63315af70363f39d_2226-w400-h560-b0-p0--contemporary-arbetsrum.jpg\" alt=\"Contemporary Arbetsrum by Ute G\u00fcnther INNENARCHITEKTUR &amp; DESIGN\" width=\"400\" height=\"560\" \/><\/div>\n<div class=\"gallery-photo-credit text-xs\">Kanske har du ett h\u00f6rn i huset d\u00e4r det faktiskt skulle beh\u00f6vas lite ljus, och d\u00e4r det annars \u00e4r sv\u00e5rt att placera en lampa? H\u00e4r har en b\u00e4rande tr\u00e4balk anv\u00e4nts som f\u00e4ste.<\/div>\n<div class=\"gallery-photo-credit text-xs\">\n<div class=\"gallery-photo reloadMe trackMe rimg\"><\/div>\n<div class=\"gallery-text\">\n<div class=\"thBuzz\"><b>I K\u00d6KET<\/b><\/div>\n<\/div>\n<\/div>\n<\/div>\n<\/div>\n<div class=\"gallery-photo-container landscape \">\n<div class=\"gallery-photo reloadMe trackMe rimg\">\n<div><img loading=\"lazy\" decoding=\"async\" class=\"hide-context reloadable\" src=\"http:\/\/st.hzcdn.com\/fimgs\/c8f112a8058c145f_8690-w660-h445-b0-p0--skandinavisk-allrum.jpg\" alt=\"Skandinavisk Allrum by Kv\u00e4num K\u00f8kken\" width=\"660\" height=\"445\" \/><\/div>\n<div class=\"gallery-photo-credit text-xs\">Detta \u00e4r kanske det rum i huset d\u00e4r det beh\u00f6vs mycket ljus som ska anpassas f\u00f6r olika aktiviteter. Justerbara v\u00e4gglampor vid arbetsb\u00e4nken ger ett v\u00e4lriktat ljus. Det \u00e4r fint att, som p\u00e5 bilden, ha samma design p\u00e5 b\u00e5de v\u00e4gglampa och pendel \u2013 h\u00e4r fr\u00e5n <a href=\"http:\/\/www.houzz.se\/photos\/produkter\/query\/Bestlite\/nqrwns\" target=\"_blank\" rel=\"noopener\">Bestlite<\/a>.<\/div>\n<\/div>\n<\/div>\n<div class=\"gallery-photo-container portrait \">\n<div class=\"gallery-photo trackMe\">\n<div><img loading=\"lazy\" decoding=\"async\" class=\"hide-context \" src=\"http:\/\/st.hzcdn.com\/fimgs\/8dd12a4d0631ecaa_2929-w400-h552-b0-p0--industriell-koek.jpg\" alt=\"Industriell K\u00f6k by Sveriges Arkitekter\" width=\"400\" height=\"552\" \/><\/div>\n<div class=\"gallery-photo-credit text-xs\">V\u00e4ggfasta lampor i k\u00f6ket ger en snygg industriell k\u00e4nsla, och ger h\u00e4r r\u00f6relse mot den gr\u00e5 betongv\u00e4ggen.<\/div>\n<\/div>\n<\/div>\n<div class=\"gallery-photo-container landscape \">\n<div class=\"gallery-photo reloadMe trackMe rimg\">\n<div><img loading=\"lazy\" decoding=\"async\" class=\"hide-context reloadable\" src=\"http:\/\/st.hzcdn.com\/fimgs\/71c1174c05d73b48_6507-w660-h439-b0-p0--koek.jpg\" alt=\"K\u00f6k by Inblum\" width=\"660\" height=\"439\" \/><\/div>\n<div class=\"gallery-photo-credit text-xs\">Italienska FLOS v\u00e4gglampa <a href=\"http:\/\/www.houzz.se\/photos\/produkter\/query\/flos-265\/nqrwns\" target=\"_blank\" rel=\"noopener\">265<\/a> lanserades 1973 och \u00e4r redan en klassiker. Den \u00e4r inte bara snygg utan ocks\u00e5 v\u00e4ldigt funktionell, och kan ljuss\u00e4tta platser d\u00e4r det inte g\u00e5r att placera en taklampa.<\/div>\n<\/div>\n<\/div>\n<div class=\"gallery-photo-container portrait \">\n<div class=\"gallery-photo trackMe\">\n<div><img loading=\"lazy\" decoding=\"async\" class=\"hide-context \" src=\"http:\/\/st.hzcdn.com\/fimgs\/b8e1e2f907e53033_2074-w400-h560-b0-p0--home-design.jpg\" alt=\"by 2700kelvin, smart belysning\" width=\"400\" height=\"560\" \/><\/div>\n<div class=\"gallery-photo-credit text-xs\"><a class=\"hz-username\" href=\"http:\/\/www.houzz.se\/pro\/charlotte40\/2700kelvin-smart-belysning\"><span class=\"pro-name\">2700kelvin, smart belysning<\/span><\/a><\/div>\n<\/div>\n<div class=\"gallery-text\">\n<div class=\"thBuzz\">Moderna och gener\u00f6sa \u2013 turkiska <a href=\"http:\/\/lightwork-design.com\/\" target=\"_blank\" rel=\"nofollow noopener\">Lightworks<\/a> fina och genomarbetade v\u00e4ggarmatur fungerar lite \u00f6verallt och finns i 11 olika f\u00e4rger.<\/div>\n<\/div>\n<\/div>\n<div class=\"gallery-photo-container landscape \">\n<div class=\"gallery-photo reloadMe trackMe rimg\">\n<div><img loading=\"lazy\" decoding=\"async\" class=\"hide-context reloadable\" src=\"http:\/\/st.hzcdn.com\/fimgs\/4141003b0597aac9_2607-w660-h476-b0-p0--nyklassisk-koek.jpg\" alt=\"Nyklassisk K\u00f6k by AGA &amp; Fired Earth Danmark\" width=\"660\" height=\"476\" \/><\/div>\n<\/div>\n<div class=\"gallery-text\">\n<div class=\"thBuzz\">Praktiska kl\u00e4mlampor i mindre modell \u00e4r mycket bra f\u00f6r specifika sm\u00e5utrymmen, som k\u00f6k.<\/div>\n<div class=\"thBuzz\"><\/div>\n<\/div>\n<\/div>\n<div class=\"thBuzz\">I BADRUMMET<\/div>\n<div class=\"gallery-photo-container portrait \">\n<div class=\"gallery-photo trackMe\">\n<div><img loading=\"lazy\" decoding=\"async\" class=\"hide-context \" src=\"http:\/\/st.hzcdn.com\/fimgs\/0c71440007b1a962_5786-w400-h560-b0-p0--nyklassisk-badrum.jpg\" alt=\"Nyklassisk Badrum by MARI Interior Design AB\" width=\"400\" height=\"560\" \/><\/div>\n<div class=\"gallery-photo-credit text-xs\">N\u00e4r det handlar om badrum blir det lite sv\u00e5rare. Du m\u00e5ste ha korrekt IP-klassning p\u00e5 lampan och den varierar beroende p\u00e5 var du vill placera lampan \u2013 kolla med en elektriker,\u00a0s\u00e5 kan de hj\u00e4lpa till att l\u00f6sa installationen och ber\u00e4tta vilket regelverk som g\u00e4ller.<\/div>\n<\/div>\n<\/div>\n<div class=\"gallery-photo-container portrait \">\n<div class=\"gallery-photo trackMe\">\n<div><img loading=\"lazy\" decoding=\"async\" class=\"hide-context \" src=\"http:\/\/st.hzcdn.com\/fimgs\/9671913907ebc122_3742-w400-h548-b0-p0--home-design.jpg\" alt=\"by 2700kelvin, smart belysning\" width=\"400\" height=\"548\" \/><\/div>\n<div class=\"gallery-photo-credit text-xs\">Fina klassikern<a href=\"http:\/\/www.houzz.se\/photos\/36513360\/no-304-vaegg-matt-svart-contemporary-vaegglampor-med-svaengarm\" target=\"_blank\" rel=\"noopener\"> Lampe Gras<\/a>. Nummer 304 tillverkas numera f\u00f6r badrum med korrekt IP-klassning, och finns i svart och vitt med justerbar arm.<\/div>\n<div class=\"gallery-photo-credit text-xs\"><\/div>\n<div class=\"gallery-photo-credit text-xs\"><strong>Utomhus<\/strong><\/div>\n<\/div>\n<\/div>\n<div class=\"gallery-photo-container portrait \">\n<div class=\"gallery-photo trackMe\">\n<div><img loading=\"lazy\" decoding=\"async\" class=\"hide-context \" src=\"http:\/\/st.hzcdn.com\/fimgs\/4ab1427707ebc376_3737-w400-h560-b0-p0--home-design.jpg\" alt=\"by 2700kelvin, smart belysning\" width=\"400\" height=\"560\" \/><\/div>\n<div class=\"gallery-photo-credit text-xs\"><\/div>\n<\/div>\n<div class=\"gallery-text\">\n<div class=\"thBuzz\">Det \u00e4r h\u00e4rligt med lite mer icke-traditionell utomhusbelysning! \u00c4ven utomhus m\u00e5ste armaturen vara IP-klassad, eftersom det inte f\u00e5r komma in fukt. LampeGras 217XL\u00a0\u00e4r tillverkad f\u00f6r utomhusbelysning och \u00e4r b\u00e5de v\u00e4ldigt dekorativ och flexibel.<\/div>\n<h4 class=\"thBuzz\">\u00a0 \u00a0 \u00a0 \u00a0 \u00a0 \u00a0 \u00a0 \u00a0 \u00a0 \u00a0 \u00a0 \u00a0 \u00a0 \u00a0 \u00a0 \u00a0 \u00a0 \u00a0 \u00a0 \u00a0 \u00a0 \u00a0 \u00a0 \u00a0 \u00a0 \u00a0 \u00a0 \u00a0 \u00a0 \u00a0 \u00a0 God f\u00f6rn\u00f6jelse ?<\/h4>\n<p class=\"header-1 top\">Publicerat p\u00e5 Houzz.com, bilder fr\u00e5n <a href=\"http:\/\/www.houzz.se\/ideabooks\/71439293\/list\/vridbara-vaegglampor-visar-vaegen-mot-laeckert-ljus\">Houzz.com<\/a>, text 2700kelvin<\/p>\n<\/div>\n<\/div>\n<\/div>\n","protected":false},"excerpt":{"rendered":"<p>V\u00e4gglampan som kan vridas kan l\u00e4tt bli lite bortgl\u00f6md n\u00e4r man planerar belysningen d\u00e4r hemma. Det \u00e4r synd \u2013 v\u00e4gglampor med justerbar arm ger bra flexibilitet och funktionell ljuss\u00e4ttning, och numera finns det m\u00e5nga snygga att v\u00e4lja p\u00e5.<\/p>\n","protected":false},"author":1,"featured_media":0,"comment_status":"open","ping_status":"open","sticky":false,"template":"","format":"standard","meta":{"_acf_changed":false,"_mo_disable_npp":"","om_disable_all_campaigns":false,"_monsterinsights_skip_tracking":false,"_monsterinsights_sitenote_active":false,"_monsterinsights_sitenote_note":"","_monsterinsights_sitenote_category":0,"_uf_show_specific_survey":0,"_uf_disable_surveys":false,"_themeisle_gutenberg_block_has_review":false,"_silent-publish":false,"footnotes":""},"categories":[13,17,9],"tags":[43],"class_list":["post-490","post","type-post","status-publish","format-standard","hentry","category-inomhusbelysning","category-ljusplanering","category-utomhus-belysning","tag-justerbara-vagglampor"],"acf":[],"aioseo_notices":[],"_links":{"self":[{"href":"https:\/\/www.2700kelvin.se\/home\/wp-json\/wp\/v2\/posts\/490","targetHints":{"allow":["GET"]}}],"collection":[{"href":"https:\/\/www.2700kelvin.se\/home\/wp-json\/wp\/v2\/posts"}],"about":[{"href":"https:\/\/www.2700kelvin.se\/home\/wp-json\/wp\/v2\/types\/post"}],"author":[{"embeddable":true,"href":"https:\/\/www.2700kelvin.se\/home\/wp-json\/wp\/v2\/users\/1"}],"replies":[{"embeddable":true,"href":"https:\/\/www.2700kelvin.se\/home\/wp-json\/wp\/v2\/comments?post=490"}],"version-history":[{"count":6,"href":"https:\/\/www.2700kelvin.se\/home\/wp-json\/wp\/v2\/posts\/490\/revisions"}],"predecessor-version":[{"id":1231,"href":"https:\/\/www.2700kelvin.se\/home\/wp-json\/wp\/v2\/posts\/490\/revisions\/1231"}],"wp:attachment":[{"href":"https:\/\/www.2700kelvin.se\/home\/wp-json\/wp\/v2\/media?parent=490"}],"wp:term":[{"taxonomy":"category","embeddable":true,"href":"https:\/\/www.2700kelvin.se\/home\/wp-json\/wp\/v2\/categories?post=490"},{"taxonomy":"post_tag","embeddable":true,"href":"https:\/\/www.2700kelvin.se\/home\/wp-json\/wp\/v2\/tags?post=490"}],"curies":[{"name":"wp","href":"https:\/\/api.w.org\/{rel}","templated":true}]}}