{"id":1730,"date":"2020-02-27T09:15:19","date_gmt":"2020-02-27T08:15:19","guid":{"rendered":"https:\/\/www.2700kelvin.se\/home\/?p=1730"},"modified":"2025-03-17T18:53:49","modified_gmt":"2025-03-17T17:53:49","slug":"belysning-ar-hett-intressanta-lampor-ar-en-saker-inredningstrend","status":"publish","type":"post","link":"https:\/\/www.2700kelvin.se\/home\/2020\/02\/27\/belysning-ar-hett-intressanta-lampor-ar-en-saker-inredningstrend\/","title":{"rendered":"Belysning \u00e4r hett- intressanta lampor \u00e4r nu en helt s\u00e4ker inredningstrend!"},"content":{"rendered":"\n<p> Det \u00e4r &#8221;till\u00e5tet&#8221; att vara lite tokig, det \u00e4r verkligen den personliga stilen som g\u00e4ller mera \u00e4n n\u00e5gonsin. Belysning \u00e4r hett! Intressanta lampor \u00e4r nu en helt s\u00e4ker inredningstrend!<\/p>\n\n\n<div class=\"wp-block-image\">\n<figure class=\"aligncenter is-resized\"><img fetchpriority=\"high\" decoding=\"async\" width=\"1024\" height=\"1012\" src=\"https:\/\/www.2700kelvin.se\/wp-content\/uploads\/2020\/02\/fullsizeoutput_273b-1024x1012.jpeg\" alt=\"\" class=\"wp-image-1742\" style=\"width:657px;height:649px\" srcset=\"https:\/\/www.2700kelvin.se\/wp-content\/uploads\/2020\/02\/fullsizeoutput_273b-1024x1012.jpeg 1024w, https:\/\/www.2700kelvin.se\/wp-content\/uploads\/2020\/02\/fullsizeoutput_273b-300x297.jpeg 300w, https:\/\/www.2700kelvin.se\/wp-content\/uploads\/2020\/02\/fullsizeoutput_273b-768x759.jpeg 768w, https:\/\/www.2700kelvin.se\/wp-content\/uploads\/2020\/02\/fullsizeoutput_273b-1080x1068.jpeg 1080w, https:\/\/www.2700kelvin.se\/wp-content\/uploads\/2020\/02\/fullsizeoutput_273b.jpeg 1125w\" sizes=\"(max-width: 1024px) 100vw, 1024px\" \/><figcaption class=\"wp-element-caption\">En pendel som v\u00e4gglampa- mycket elegant i sin enkelthet, i synnerlighet med vasen. Fr\u00e5n <a href=\"https:\/\/www.disinredning.se\/butik\/taklampa-pill\/\">DIS- inredning<\/a><\/figcaption><\/figure>\n<\/div>\n\n\n<p>Just i skrivande stund kommer pressmeddelanden l\u00f6pande om att v\u00e4rldens st\u00f6rsta belysningsm\u00e4ssa &#8221;Light + building&#8221; som skulle h\u00e5llits i Frankfurt i mars har flyttats fram till september p\u00e5 grund av risken f\u00f6r spridning av Corona-virus, och dessv\u00e4rre g\u00e4ller samma f\u00f6r  &#8221;Salone del mobile&#8221;, m\u00f6belm\u00e4ssan i Milano. S\u00e5 vi f\u00e5r s\u00f6ka inspiration fr\u00e5n Europeiska designers p\u00e5 webben.  <\/p>\n\n\n<div class=\"wp-block-image\">\n<figure class=\"alignleft is-resized\"><img decoding=\"async\" width=\"702\" height=\"700\" src=\"https:\/\/www.2700kelvin.se\/wp-content\/uploads\/2020\/02\/fullsizeoutput_2738.jpeg\" alt=\"\" class=\"wp-image-1744\" style=\"width:345px;height:343px\" srcset=\"https:\/\/www.2700kelvin.se\/wp-content\/uploads\/2020\/02\/fullsizeoutput_2738.jpeg 702w, https:\/\/www.2700kelvin.se\/wp-content\/uploads\/2020\/02\/fullsizeoutput_2738-150x150.jpeg 150w, https:\/\/www.2700kelvin.se\/wp-content\/uploads\/2020\/02\/fullsizeoutput_2738-300x300.jpeg 300w\" sizes=\"(max-width: 702px) 100vw, 702px\" \/><figcaption class=\"wp-element-caption\">Kanske p\u00e5skk\u00e4nsla hela \u00e5ret- himla gullig.  <\/figcaption><\/figure>\n<\/div>\n\n<div class=\"wp-block-image\">\n<figure class=\"alignright is-resized\"><img decoding=\"async\" width=\"1024\" height=\"1016\" src=\"https:\/\/www.2700kelvin.se\/wp-content\/uploads\/2020\/02\/fullsizeoutput_2732-1024x1016.jpeg\" alt=\"\" class=\"wp-image-1751\" style=\"width:350px;height:348px\" srcset=\"https:\/\/www.2700kelvin.se\/wp-content\/uploads\/2020\/02\/fullsizeoutput_2732-1024x1016.jpeg 1024w, https:\/\/www.2700kelvin.se\/wp-content\/uploads\/2020\/02\/fullsizeoutput_2732-150x150.jpeg 150w, https:\/\/www.2700kelvin.se\/wp-content\/uploads\/2020\/02\/fullsizeoutput_2732-300x298.jpeg 300w, https:\/\/www.2700kelvin.se\/wp-content\/uploads\/2020\/02\/fullsizeoutput_2732-768x762.jpeg 768w, https:\/\/www.2700kelvin.se\/wp-content\/uploads\/2020\/02\/fullsizeoutput_2732-1080x1071.jpeg 1080w, https:\/\/www.2700kelvin.se\/wp-content\/uploads\/2020\/02\/fullsizeoutput_2732.jpeg 1125w\" sizes=\"(max-width: 1024px) 100vw, 1024px\" \/><figcaption class=\"wp-element-caption\">Visst \u00e4r denna v\u00e4gglampa intressant!<\/figcaption><\/figure>\n<\/div>\n\n\n<p><\/p>\n\n\n\n<p><\/p>\n\n\n\n<p><\/p>\n\n\n\n<p><\/p>\n\n\n\n<h4 class=\"wp-block-heading has-text-align-left\"><strong>D<\/strong>itt hem \u00e4r din borg med egen stil<strong> <\/strong>!  <\/h4>\n\n\n\n<p>Belysning, keramik, och lekfulla inredningsdetaljer f\u00e5r mycket fokus just nu bland nyheterna  2020, och \u00e4r vad inredningsv\u00e4rlden hoppas p\u00e5 \u00e4r att vi kommer l\u00e4gga lite extra fokus p\u00e5, unika detaljer i v\u00e5ra hem!<\/p>\n\n\n<div class=\"wp-block-image\">\n<figure class=\"aligncenter is-resized\"><img loading=\"lazy\" decoding=\"async\" width=\"1024\" height=\"1009\" src=\"https:\/\/www.2700kelvin.se\/wp-content\/uploads\/2020\/02\/fullsizeoutput_2733-1024x1009.jpeg\" alt=\"\" class=\"wp-image-1752\" style=\"width:569px;height:560px\" srcset=\"https:\/\/www.2700kelvin.se\/wp-content\/uploads\/2020\/02\/fullsizeoutput_2733-1024x1009.jpeg 1024w, https:\/\/www.2700kelvin.se\/wp-content\/uploads\/2020\/02\/fullsizeoutput_2733-300x295.jpeg 300w, https:\/\/www.2700kelvin.se\/wp-content\/uploads\/2020\/02\/fullsizeoutput_2733-768x756.jpeg 768w, https:\/\/www.2700kelvin.se\/wp-content\/uploads\/2020\/02\/fullsizeoutput_2733-1080x1064.jpeg 1080w, https:\/\/www.2700kelvin.se\/wp-content\/uploads\/2020\/02\/fullsizeoutput_2733.jpeg 1125w\" sizes=\"(max-width: 1024px) 100vw, 1024px\" \/><figcaption class=\"wp-element-caption\">Lekfull; leka med form och f\u00e4rger, finast blir det n\u00e4r detaljerna inte konkurrerar med varandra.<\/figcaption><\/figure>\n<\/div>\n\n<div class=\"wp-block-image\">\n<figure class=\"aligncenter is-resized\"><img loading=\"lazy\" decoding=\"async\" width=\"1024\" height=\"777\" src=\"https:\/\/www.2700kelvin.se\/wp-content\/uploads\/2020\/02\/fullsizeoutput_2734-1024x777.jpeg\" alt=\"\" class=\"wp-image-1754\" style=\"width:564px;height:427px\" srcset=\"https:\/\/www.2700kelvin.se\/wp-content\/uploads\/2020\/02\/fullsizeoutput_2734-1024x777.jpeg 1024w, https:\/\/www.2700kelvin.se\/wp-content\/uploads\/2020\/02\/fullsizeoutput_2734-300x228.jpeg 300w, https:\/\/www.2700kelvin.se\/wp-content\/uploads\/2020\/02\/fullsizeoutput_2734-768x583.jpeg 768w, https:\/\/www.2700kelvin.se\/wp-content\/uploads\/2020\/02\/fullsizeoutput_2734-1080x820.jpeg 1080w, https:\/\/www.2700kelvin.se\/wp-content\/uploads\/2020\/02\/fullsizeoutput_2734.jpeg 1125w\" sizes=\"(max-width: 1024px) 100vw, 1024px\" \/><figcaption class=\"wp-element-caption\">Ta det artistiska in i ett h\u00f6rn hemma. <\/figcaption><\/figure>\n<\/div>\n\n\n<p>Den nakna gl\u00f6dlampan \u00e4r helt ute, nu \u00e4r det fokus p\u00e5 material och design s\u00e5 man inte ser ljuset direkt, vilket faktiskt ger ett behagligare ljus, tycker jag! <\/p>\n\n\n<div class=\"wp-block-image\">\n<figure class=\"aligncenter is-resized\"><img loading=\"lazy\" decoding=\"async\" width=\"821\" height=\"1024\" src=\"https:\/\/www.2700kelvin.se\/wp-content\/uploads\/2020\/02\/fullsizeoutput_2736-821x1024.jpeg\" alt=\"\" class=\"wp-image-1755\" style=\"width:565px;height:704px\" srcset=\"https:\/\/www.2700kelvin.se\/wp-content\/uploads\/2020\/02\/fullsizeoutput_2736-821x1024.jpeg 821w, https:\/\/www.2700kelvin.se\/wp-content\/uploads\/2020\/02\/fullsizeoutput_2736-241x300.jpeg 241w, https:\/\/www.2700kelvin.se\/wp-content\/uploads\/2020\/02\/fullsizeoutput_2736-768x958.jpeg 768w, https:\/\/www.2700kelvin.se\/wp-content\/uploads\/2020\/02\/fullsizeoutput_2736-1080x1347.jpeg 1080w, https:\/\/www.2700kelvin.se\/wp-content\/uploads\/2020\/02\/fullsizeoutput_2736.jpeg 1125w\" sizes=\"(max-width: 821px) 100vw, 821px\" \/><figcaption class=\"wp-element-caption\">Tror p\u00e5 denna typ av lampdesign- ingen bl\u00e4ndning fr\u00e5n lampan. Belysning \u00e4r hett- intressanta lampor \u00e4r nu en helt s\u00e4ker inredningstrend!<\/figcaption><\/figure>\n<\/div>\n\n<div class=\"wp-block-image\">\n<figure class=\"aligncenter is-resized\"><img loading=\"lazy\" decoding=\"async\" width=\"768\" height=\"1024\" src=\"https:\/\/www.2700kelvin.se\/wp-content\/uploads\/2020\/02\/fullsizeoutput_190c-768x1024.jpeg\" alt=\"\" class=\"wp-image-1764\" style=\"width:558px;height:744px\" srcset=\"https:\/\/www.2700kelvin.se\/wp-content\/uploads\/2020\/02\/fullsizeoutput_190c-768x1024.jpeg 768w, https:\/\/www.2700kelvin.se\/wp-content\/uploads\/2020\/02\/fullsizeoutput_190c-225x300.jpeg 225w, https:\/\/www.2700kelvin.se\/wp-content\/uploads\/2020\/02\/fullsizeoutput_190c-1080x1440.jpeg 1080w\" sizes=\"(max-width: 768px) 100vw, 768px\" \/><figcaption class=\"wp-element-caption\">Lampan som ett konstverk &#8211; fantastisk design (och ljusteknik)  fr\u00e5n <a href=\"https:\/\/www.svenskttenn.se\/sv\/sortiment\/belysning\/?Material=GLAS&amp;sortby=Relevance\">Svenskt Ten<\/a><\/figcaption><\/figure>\n<\/div>\n\n\n<p>M\u00e5nga designers v\u00e4ljer svarta armaturer och opalglas.<\/p>\n\n\n<div class=\"wp-block-image\">\n<figure class=\"aligncenter is-resized\"><img loading=\"lazy\" decoding=\"async\" width=\"1024\" height=\"880\" src=\"https:\/\/www.2700kelvin.se\/wp-content\/uploads\/2020\/02\/fullsizeoutput_271e-1-1024x880.jpeg\" alt=\"\" class=\"wp-image-1753\" style=\"width:561px;height:482px\" srcset=\"https:\/\/www.2700kelvin.se\/wp-content\/uploads\/2020\/02\/fullsizeoutput_271e-1-1024x880.jpeg 1024w, https:\/\/www.2700kelvin.se\/wp-content\/uploads\/2020\/02\/fullsizeoutput_271e-1-300x258.jpeg 300w, https:\/\/www.2700kelvin.se\/wp-content\/uploads\/2020\/02\/fullsizeoutput_271e-1-768x660.jpeg 768w, https:\/\/www.2700kelvin.se\/wp-content\/uploads\/2020\/02\/fullsizeoutput_271e-1-1080x928.jpeg 1080w, https:\/\/www.2700kelvin.se\/wp-content\/uploads\/2020\/02\/fullsizeoutput_271e-1.jpeg 1125w\" sizes=\"(max-width: 1024px) 100vw, 1024px\" \/><figcaption class=\"wp-element-caption\">Denna \u00e4r i fr\u00e5n Apparatusstudio, kolla in vilka sk\u00f6nheter, <a href=\"https:\/\/apparatusstudio.com\/product-category\/lighting\/\">l\u00e4nk.<\/a><br>Ljusk\u00e4llorna \u00e4r opal, vilket minskar risken f\u00f6r bl\u00e4ndning. <br><\/figcaption><\/figure>\n<\/div>\n\n<div class=\"wp-block-image\">\n<figure class=\"aligncenter is-resized\"><img loading=\"lazy\" decoding=\"async\" width=\"905\" height=\"1024\" src=\"https:\/\/www.2700kelvin.se\/wp-content\/uploads\/2020\/02\/fullsizeoutput_2737-1-905x1024.jpeg\" alt=\"\" class=\"wp-image-1760\" style=\"width:566px;height:640px\" srcset=\"https:\/\/www.2700kelvin.se\/wp-content\/uploads\/2020\/02\/fullsizeoutput_2737-1-905x1024.jpeg 905w, https:\/\/www.2700kelvin.se\/wp-content\/uploads\/2020\/02\/fullsizeoutput_2737-1-265x300.jpeg 265w, https:\/\/www.2700kelvin.se\/wp-content\/uploads\/2020\/02\/fullsizeoutput_2737-1-768x869.jpeg 768w, https:\/\/www.2700kelvin.se\/wp-content\/uploads\/2020\/02\/fullsizeoutput_2737-1.jpeg 984w\" sizes=\"(max-width: 905px) 100vw, 905px\" \/><figcaption class=\"wp-element-caption\">Belysning \u00e4r hett! Intressanta lampor \u00e4r nu en helt s\u00e4ker inredningstrend!<br><\/figcaption><\/figure>\n<\/div>\n\n\n<h4 class=\"wp-block-heading\">LED \u00e4r h\u00e4r f\u00f6r att stanna<\/h4>\n\n\n\n<p>Och man beh\u00f6ver inte vara s\u00e5 f\u00f6rsiktig med LED- Ledden ger oss m\u00f6jlighet f\u00f6r att leka med formar, ljuskvaliteten \u00e4r ofta mycket god 2020.<\/p>\n\n\n<div class=\"wp-block-image\">\n<figure class=\"aligncenter is-resized\"><img loading=\"lazy\" decoding=\"async\" width=\"817\" height=\"1024\" src=\"https:\/\/www.2700kelvin.se\/wp-content\/uploads\/2020\/02\/fullsizeoutput_2739-1-817x1024.jpeg\" alt=\"\" class=\"wp-image-1745\" style=\"width:577px;height:722px\" srcset=\"https:\/\/www.2700kelvin.se\/wp-content\/uploads\/2020\/02\/fullsizeoutput_2739-1-817x1024.jpeg 817w, https:\/\/www.2700kelvin.se\/wp-content\/uploads\/2020\/02\/fullsizeoutput_2739-1-239x300.jpeg 239w, https:\/\/www.2700kelvin.se\/wp-content\/uploads\/2020\/02\/fullsizeoutput_2739-1-768x963.jpeg 768w, https:\/\/www.2700kelvin.se\/wp-content\/uploads\/2020\/02\/fullsizeoutput_2739-1-1080x1354.jpeg 1080w, https:\/\/www.2700kelvin.se\/wp-content\/uploads\/2020\/02\/fullsizeoutput_2739-1.jpeg 1125w\" sizes=\"(max-width: 817px) 100vw, 817px\" \/><figcaption class=\"wp-element-caption\">Lamp Gras \u00e4r en klassiker ritad redan p\u00e5 1920-talet, en mycket personlig stil, tycker jag. <\/figcaption><\/figure>\n<\/div>\n\n\n<p>S\u00e5klart \u00e4r  det en massa nyheter, men du kanske redan har n\u00e5gon intressant lampa som du kan h\u00e4nga p\u00e5 ett nytt intressant s\u00e4tt?<\/p>\n\n\n\n<p>Lampor k\u00e4nns oftast som en h\u00e5llbar investering, k\u00f6per du den inte sj\u00e4lv begagnad s\u00e5 kan du troligen f\u00e5 en slant f\u00f6r den om du tr\u00f6ttnar p\u00e5 designen eller beh\u00f6ver annan funktionalitet, h\u00e5llbara inredningsinvesteringar. <\/p>\n\n\n\n<p>Sj\u00e4lv h\u00e5ller jag mig till min favorit lampa, som jag tycker \u00e4r b\u00e5da lekfull, ball &#8211; ja bara s\u00e5 snygg och funktionell FLOS 265<br><br><\/p>\n\n\n<div class=\"wp-block-image\">\n<figure class=\"aligncenter is-resized\"><img loading=\"lazy\" decoding=\"async\" width=\"1024\" height=\"889\" src=\"https:\/\/www.2700kelvin.se\/wp-content\/uploads\/2018\/03\/DSC0085-1024x889.jpg\" alt=\"\" class=\"wp-image-1182\" style=\"width:592px;height:513px\" srcset=\"https:\/\/www.2700kelvin.se\/wp-content\/uploads\/2018\/03\/DSC0085-1024x889.jpg 1024w, https:\/\/www.2700kelvin.se\/wp-content\/uploads\/2018\/03\/DSC0085-300x260.jpg 300w, https:\/\/www.2700kelvin.se\/wp-content\/uploads\/2018\/03\/DSC0085-768x667.jpg 768w, https:\/\/www.2700kelvin.se\/wp-content\/uploads\/2018\/03\/DSC0085.jpg 1819w\" sizes=\"(max-width: 1024px) 100vw, 1024px\" \/><figcaption class=\"wp-element-caption\">Vist \u00e4r den bara s\u00e5 snyggggggg Flos 265 <br><\/figcaption><\/figure>\n<\/div>\n\n\n<p><a href=\"https:\/\/www.2700kelvin.se\/home\/2022\/12\/02\/flos-265-en-favorit-genial-snygg-och-fantastisk-att-inreda-med\/\"><strong>Blogginl\u00e4gg<\/strong><\/a> om varf\u00f6r jag \u00e4r s\u00e5 f\u00f6rtjust i Flos 265<\/p>\n\n\n\n<p class=\"has-text-align-center\">Belysning \u00e4r hett- intressanta lampor \u00e4r nu en helt s\u00e4ker inredningstrend!<\/p>\n\n\n\n<p class=\"has-text-align-center\"><strong>Ha kul inred massor med ljus!<\/strong><\/p>\n","protected":false},"excerpt":{"rendered":"<p>Det \u00e4r &#8221;till\u00e5tet&#8221; att vara lite tokig, det \u00e4r verkligen den personliga stilen som g\u00e4ller mera \u00e4n n\u00e5gonsin. Belysning \u00e4r hett! Intressanta lampor \u00e4r nu en helt s\u00e4ker inredningstrend! Just i skrivande stund kommer pressmeddelanden l\u00f6pande om att v\u00e4rldens st\u00f6rsta belysningsm\u00e4ssa &#8221;Light + building&#8221; som skulle h\u00e5llits i Frankfurt i mars har flyttats fram till september p\u00e5 grund av risken f\u00f6r spridning av Corona-virus, och dessv\u00e4rre g\u00e4ller samma f\u00f6r &#8221;Salone del mobile&#8221;, m\u00f6belm\u00e4ssan i Milano. S\u00e5 vi f\u00e5r s\u00f6ka inspiration fr\u00e5n Europeiska designers p\u00e5 webben. Ditt hem \u00e4r din borg med egen stil ! Belysning, keramik, och lekfulla inredningsdetaljer f\u00e5r mycket fokus just nu bland nyheterna 2020, och \u00e4r vad inredningsv\u00e4rlden hoppas p\u00e5 \u00e4r att vi kommer l\u00e4gga lite extra fokus p\u00e5, unika detaljer i v\u00e5ra hem! Den nakna gl\u00f6dlampan \u00e4r helt ute, nu \u00e4r det fokus p\u00e5 material och design s\u00e5 man inte ser ljuset direkt, vilket faktiskt ger ett behagligare ljus, tycker jag! M\u00e5nga designers v\u00e4ljer svarta armaturer och opalglas. LED \u00e4r h\u00e4r f\u00f6r att stanna Och man beh\u00f6ver inte vara s\u00e5 f\u00f6rsiktig med LED- Ledden ger oss m\u00f6jlighet f\u00f6r att leka med formar, ljuskvaliteten \u00e4r ofta mycket god 2020. S\u00e5klart \u00e4r det en massa nyheter, men du [&hellip;]<\/p>\n","protected":false},"author":1,"featured_media":1753,"comment_status":"open","ping_status":"open","sticky":false,"template":"","format":"standard","meta":{"_acf_changed":false,"_mo_disable_npp":"","om_disable_all_campaigns":false,"_monsterinsights_skip_tracking":false,"_monsterinsights_sitenote_active":false,"_monsterinsights_sitenote_note":"","_monsterinsights_sitenote_category":0,"_uf_show_specific_survey":0,"_uf_disable_surveys":false,"_themeisle_gutenberg_block_has_review":false,"_silent-publish":false,"footnotes":""},"categories":[104,13,42,86],"tags":[6,62,66,60,48,111,71],"class_list":["post-1730","post","type-post","status-publish","format-standard","has-post-thumbnail","hentry","category-flos265","category-inomhusbelysning","category-lamp-design","category-ljusdesign","tag-belysning","tag-belysningsdesign","tag-belysningsinspiration","tag-belysningskonsult","tag-belysningstips","tag-intressanta-lampor","tag-led-kvalitet"],"acf":[],"aioseo_notices":[],"_links":{"self":[{"href":"https:\/\/www.2700kelvin.se\/home\/wp-json\/wp\/v2\/posts\/1730","targetHints":{"allow":["GET"]}}],"collection":[{"href":"https:\/\/www.2700kelvin.se\/home\/wp-json\/wp\/v2\/posts"}],"about":[{"href":"https:\/\/www.2700kelvin.se\/home\/wp-json\/wp\/v2\/types\/post"}],"author":[{"embeddable":true,"href":"https:\/\/www.2700kelvin.se\/home\/wp-json\/wp\/v2\/users\/1"}],"replies":[{"embeddable":true,"href":"https:\/\/www.2700kelvin.se\/home\/wp-json\/wp\/v2\/comments?post=1730"}],"version-history":[{"count":19,"href":"https:\/\/www.2700kelvin.se\/home\/wp-json\/wp\/v2\/posts\/1730\/revisions"}],"predecessor-version":[{"id":3734,"href":"https:\/\/www.2700kelvin.se\/home\/wp-json\/wp\/v2\/posts\/1730\/revisions\/3734"}],"wp:featuredmedia":[{"embeddable":true,"href":"https:\/\/www.2700kelvin.se\/home\/wp-json\/wp\/v2\/media\/1753"}],"wp:attachment":[{"href":"https:\/\/www.2700kelvin.se\/home\/wp-json\/wp\/v2\/media?parent=1730"}],"wp:term":[{"taxonomy":"category","embeddable":true,"href":"https:\/\/www.2700kelvin.se\/home\/wp-json\/wp\/v2\/categories?post=1730"},{"taxonomy":"post_tag","embeddable":true,"href":"https:\/\/www.2700kelvin.se\/home\/wp-json\/wp\/v2\/tags?post=1730"}],"curies":[{"name":"wp","href":"https:\/\/api.w.org\/{rel}","templated":true}]}}