{"id":1369,"date":"2020-01-07T10:40:29","date_gmt":"2020-01-07T09:40:29","guid":{"rendered":"https:\/\/www.2700kelvin.se\/home\/?p=1369"},"modified":"2025-03-17T18:54:10","modified_gmt":"2025-03-17T17:54:10","slug":"fonsterlampor-lyser-fint-upp-i-vintermorkret","status":"publish","type":"post","link":"https:\/\/www.2700kelvin.se\/home\/2020\/01\/07\/fonsterlampor-lyser-fint-upp-i-vintermorkret\/","title":{"rendered":"F\u00f6nsterlampor lyser fint upp i vinterm\u00f6rkret"},"content":{"rendered":"<p>F\u00f6nsterlampor lyser fint upp i vinterm\u00f6rkret. Passa p\u00e5 att ers\u00e4tta julens belysning med en lampa, f\u00f6r aldrig k\u00e4nns v\u00e4l hemmet s\u00e5 m\u00f6rkt som n\u00e4r julbelysningen f\u00f6rsvinner i januari eller i september n\u00e4r dagen blir kortare.<\/p>\n<p>Ljus i f\u00f6nstren ger rummet en h\u00e4rlig k\u00e4nsla av rymd och man suddar ut gr\u00e4nsen mellan ute och inne. Dessutom minskar man faktiskt insynen fr\u00e5n gatan och grannarna. V\u00e5r blick fastnar p\u00e5 ljuset som lamporna ger och insynen in i rummet minskar.<\/p>\n<p><a href=\"https:\/\/www.2700kelvin.se\/wp-content\/uploads\/2016\/03\/home2.jpeg\"><img fetchpriority=\"high\" decoding=\"async\" class=\"aligncenter size-large wp-image-226\" src=\"https:\/\/www.2700kelvin.se\/wp-content\/uploads\/2016\/03\/home2-1024x502.jpeg\" alt=\"\" width=\"640\" height=\"314\" srcset=\"https:\/\/www.2700kelvin.se\/wp-content\/uploads\/2016\/03\/home2-1024x502.jpeg 1024w, https:\/\/www.2700kelvin.se\/wp-content\/uploads\/2016\/03\/home2-300x147.jpeg 300w, https:\/\/www.2700kelvin.se\/wp-content\/uploads\/2016\/03\/home2-768x376.jpeg 768w, https:\/\/www.2700kelvin.se\/wp-content\/uploads\/2016\/03\/home2.jpeg 1275w\" sizes=\"(max-width: 640px) 100vw, 640px\" \/><\/a><\/p>\n<p>\u00c4r f\u00f6nstret dessutom p\u00e5 markplan \u00e5stadkommer man ett visst sl\u00e4pljus ute.<\/p>\n<div id=\"attachment_1378\" style=\"width: 740px\" class=\"wp-caption aligncenter\"><a href=\"https:\/\/www.2700kelvin.se\/wp-content\/uploads\/2019\/01\/nuura_blossi_table_lifestyle_2.jpg\"><img decoding=\"async\" aria-describedby=\"caption-attachment-1378\" class=\"wp-image-1378 size-full\" src=\"https:\/\/www.2700kelvin.se\/wp-content\/uploads\/2019\/01\/nuura_blossi_table_lifestyle_2.jpg\" alt=\"\" width=\"730\" height=\"830\" srcset=\"https:\/\/www.2700kelvin.se\/wp-content\/uploads\/2019\/01\/nuura_blossi_table_lifestyle_2.jpg 730w, https:\/\/www.2700kelvin.se\/wp-content\/uploads\/2019\/01\/nuura_blossi_table_lifestyle_2-264x300.jpg 264w\" sizes=\"(max-width: 730px) 100vw, 730px\" \/><\/a><p id=\"caption-attachment-1378\" class=\"wp-caption-text\">Fin intressanta nyheter fr\u00e5n <strong><a href=\"http:\/\/www.nuura.com\/\">Nuura-Light<\/a><\/strong><\/p><\/div>\n<p>Ofta blir det h\u00e4rligt med ett lite svagare ljus. Jag har en timer p\u00e5 mina lampor och de t\u00e4nds vid m\u00f6rkrets utbrott \u00e4ven om vi inte \u00e4r hemma, det diskreta ljuset ger en h\u00e4rlig &#8221;v\u00e4lkommen hem k\u00e4nsla&#8221;och huset k\u00e4nns ombonat \u00e4ven n\u00e4r vi inte \u00e4r hemma.<\/p>\n<p><a href=\"https:\/\/www.2700kelvin.se\/wp-content\/uploads\/2017\/02\/Flowerpot.jpg\"><img decoding=\"async\" class=\"aligncenter size-full wp-image-759\" src=\"https:\/\/www.2700kelvin.se\/wp-content\/uploads\/2017\/02\/Flowerpot.jpg\" alt=\"\" width=\"564\" height=\"692\" srcset=\"https:\/\/www.2700kelvin.se\/wp-content\/uploads\/2017\/02\/Flowerpot.jpg 564w, https:\/\/www.2700kelvin.se\/wp-content\/uploads\/2017\/02\/Flowerpot-245x300.jpg 245w\" sizes=\"(max-width: 564px) 100vw, 564px\" \/><\/a>S\u00e5klart b\u00f6r du anv\u00e4nda LED och de ljusk\u00e4llorna beh\u00f6ver inte mera \u00e4n 1-2 watt. Det \u00e4r enkelt att byta befintliga ljusk\u00e4llor till LED. Jag tycker det \u00e4r enklare att inreda med bordslampor. Dem kan man enkelt flytta lite runt efter \u00e5rstidens behov.<\/p>\n<p><a href=\"https:\/\/www.2700kelvin.se\/wp-content\/uploads\/2019\/01\/PH-i-fo\u0308nster.jpg\"><img loading=\"lazy\" decoding=\"async\" class=\"aligncenter size-full wp-image-1370\" src=\"https:\/\/www.2700kelvin.se\/wp-content\/uploads\/2019\/01\/PH-i-fo\u0308nster.jpg\" alt=\"\" width=\"564\" height=\"846\" srcset=\"https:\/\/www.2700kelvin.se\/wp-content\/uploads\/2019\/01\/PH-i-fo\u0308nster.jpg 564w, https:\/\/www.2700kelvin.se\/wp-content\/uploads\/2019\/01\/PH-i-fo\u0308nster-200x300.jpg 200w\" sizes=\"(max-width: 564px) 100vw, 564px\" \/><\/a><\/p>\n<p>Alla typer \u00e4r ljus \u00e4r l\u00e4mpligt. Sj\u00e4lvklart m\u00e5ste lampans design vara anpassad till f\u00f6nstrets storlek, jag har dock lite sv\u00e5rt med den &#8217;nakna&#8217; gl\u00f6dlampan i f\u00f6nster, den har en tendens att bl\u00e4nda.<\/p>\n<div id=\"attachment_1371\" style=\"width: 574px\" class=\"wp-caption aligncenter\"><a href=\"https:\/\/www.2700kelvin.se\/wp-content\/uploads\/2019\/01\/spanjol-i-fo\u0308nster.jpg\"><img loading=\"lazy\" decoding=\"async\" aria-describedby=\"caption-attachment-1371\" class=\"wp-image-1371 size-full\" src=\"https:\/\/www.2700kelvin.se\/wp-content\/uploads\/2019\/01\/spanjol-i-fo\u0308nster.jpg\" alt=\"\" width=\"564\" height=\"846\" srcset=\"https:\/\/www.2700kelvin.se\/wp-content\/uploads\/2019\/01\/spanjol-i-fo\u0308nster.jpg 564w, https:\/\/www.2700kelvin.se\/wp-content\/uploads\/2019\/01\/spanjol-i-fo\u0308nster-200x300.jpg 200w\" sizes=\"(max-width: 564px) 100vw, 564px\" \/><\/a><p id=\"caption-attachment-1371\" class=\"wp-caption-text\">Spansk snygging fr\u00e5n <strong><a href=\"http:\/\/www.dahlagenturer.se\/vara-leverantorer\/santa-cole\/\">Santa &amp; Cole<\/a><\/strong><\/p><\/div>\n<div id=\"attachment_1372\" style=\"width: 574px\" class=\"wp-caption aligncenter\"><a href=\"https:\/\/www.2700kelvin.se\/wp-content\/uploads\/2019\/01\/stilleber-i-fo\u0308nster.jpg\"><img loading=\"lazy\" decoding=\"async\" aria-describedby=\"caption-attachment-1372\" class=\"wp-image-1372 size-full\" src=\"https:\/\/www.2700kelvin.se\/wp-content\/uploads\/2019\/01\/stilleber-i-fo\u0308nster.jpg\" alt=\"\" width=\"564\" height=\"846\" srcset=\"https:\/\/www.2700kelvin.se\/wp-content\/uploads\/2019\/01\/stilleber-i-fo\u0308nster.jpg 564w, https:\/\/www.2700kelvin.se\/wp-content\/uploads\/2019\/01\/stilleber-i-fo\u0308nster-200x300.jpg 200w\" sizes=\"(max-width: 564px) 100vw, 564px\" \/><\/a><p id=\"caption-attachment-1372\" class=\"wp-caption-text\">Fina stilleben i f\u00f6nstret, inte bara ljus ;-D<\/p><\/div>\n<p>Lampf\u00f6tter med tygsk\u00e4rmar ger ett fint mjukt ljus och man kan byta sk\u00e4rmen lite efter \u00e5rstiden och faktiskt \u00e4ndra f\u00f6nstrets karakt\u00e4r med en ny f\u00e4rg eller m\u00f6nster.<\/p>\n<div id=\"attachment_1379\" style=\"width: 650px\" class=\"wp-caption alignnone\"><a href=\"https:\/\/www.2700kelvin.se\/wp-content\/uploads\/2019\/01\/svensktten.jpg\" target=\"_blank\" rel=\"https:\/\/www.svenskttenn.se\/sv\/sortiment\/belysning\/ noopener noreferrer\"><img loading=\"lazy\" decoding=\"async\" aria-describedby=\"caption-attachment-1379\" class=\"wp-image-1379 size-large\" src=\"https:\/\/www.2700kelvin.se\/wp-content\/uploads\/2019\/01\/svensktten-1024x1024.jpg\" alt=\"\" width=\"640\" height=\"640\" srcset=\"https:\/\/www.2700kelvin.se\/wp-content\/uploads\/2019\/01\/svensktten-1024x1024.jpg 1024w, https:\/\/www.2700kelvin.se\/wp-content\/uploads\/2019\/01\/svensktten-150x150.jpg 150w, https:\/\/www.2700kelvin.se\/wp-content\/uploads\/2019\/01\/svensktten-300x300.jpg 300w, https:\/\/www.2700kelvin.se\/wp-content\/uploads\/2019\/01\/svensktten-768x768.jpg 768w, https:\/\/www.2700kelvin.se\/wp-content\/uploads\/2019\/01\/svensktten-800x800.jpg 800w, https:\/\/www.2700kelvin.se\/wp-content\/uploads\/2019\/01\/svensktten.jpg 1500w\" sizes=\"(max-width: 640px) 100vw, 640px\" \/><\/a><p id=\"caption-attachment-1379\" class=\"wp-caption-text\"><strong><a href=\"https:\/\/www.svenskttenn.se\">Svensk Tenn<\/a><\/strong> har fina sk\u00e4rma och lampf\u00f6tter.<\/p><\/div>\n<p><a href=\"https:\/\/www.2700kelvin.se\/wp-content\/uploads\/2019\/01\/vatt.png\"><img loading=\"lazy\" decoding=\"async\" class=\"aligncenter size-full wp-image-1383\" src=\"https:\/\/www.2700kelvin.se\/wp-content\/uploads\/2019\/01\/vatt.png\" alt=\"\" width=\"450\" height=\"450\" srcset=\"https:\/\/www.2700kelvin.se\/wp-content\/uploads\/2019\/01\/vatt.png 450w, https:\/\/www.2700kelvin.se\/wp-content\/uploads\/2019\/01\/vatt-150x150.png 150w, https:\/\/www.2700kelvin.se\/wp-content\/uploads\/2019\/01\/vatt-300x300.png 300w\" sizes=\"(max-width: 450px) 100vw, 450px\" \/><\/a><\/p>\n<p>Man kan ocks\u00e5 g\u00e5 loss och v\u00e4lja en lampa som ett konstverk, <a href=\"https:\/\/www.wattveke.se\/sv\/Produkter\/Lampor\/Bordslampor\"><strong>Sherman<\/strong>\u00a0<\/a><a href=\"https:\/\/www.2700kelvin.se\/wp-content\/uploads\/2019\/01\/ko\u0308kfo\u0308nster.jpg\"><img loading=\"lazy\" decoding=\"async\" class=\"size-large wp-image-1380 alignleft\" src=\"https:\/\/www.2700kelvin.se\/wp-content\/uploads\/2019\/01\/ko\u0308kfo\u0308nster-1024x683.jpg\" alt=\"\" width=\"640\" height=\"427\" srcset=\"https:\/\/www.2700kelvin.se\/wp-content\/uploads\/2019\/01\/ko\u0308kfo\u0308nster-1024x683.jpg 1024w, https:\/\/www.2700kelvin.se\/wp-content\/uploads\/2019\/01\/ko\u0308kfo\u0308nster-300x200.jpg 300w, https:\/\/www.2700kelvin.se\/wp-content\/uploads\/2019\/01\/ko\u0308kfo\u0308nster-768x512.jpg 768w, https:\/\/www.2700kelvin.se\/wp-content\/uploads\/2019\/01\/ko\u0308kfo\u0308nster.jpg 1920w\" sizes=\"(max-width: 640px) 100vw, 640px\" \/><\/a><\/p>\n<p style=\"text-align: center;\">Pendlar eller &#8230; en v\u00e4gglampa kan skapa sk\u00f6nt ljus utan att lampan syns.<\/p>\n<h4 style=\"text-align: center;\"><a href=\"https:\/\/www.2700kelvin.se\/wp-content\/uploads\/2019\/01\/Va\u0308gglampi-fo\u0308nster.jpg\"><img loading=\"lazy\" decoding=\"async\" class=\"aligncenter size-full wp-image-1375\" src=\"https:\/\/www.2700kelvin.se\/wp-content\/uploads\/2019\/01\/Va\u0308gglampi-fo\u0308nster.jpg\" alt=\"\" width=\"428\" height=\"640\" srcset=\"https:\/\/www.2700kelvin.se\/wp-content\/uploads\/2019\/01\/Va\u0308gglampi-fo\u0308nster.jpg 428w, https:\/\/www.2700kelvin.se\/wp-content\/uploads\/2019\/01\/Va\u0308gglampi-fo\u0308nster-201x300.jpg 201w\" sizes=\"(max-width: 428px) 100vw, 428px\" \/><\/a><\/h4>\n<h6 style=\"text-align: left;\">Att t\u00e4nka p\u00e5 n\u00e4r du belyser dina f\u00f6nster:<\/h6>\n<ul>\n<li style=\"font-weight: 400; text-align: left;\">Rummet kommer k\u00e4nnas st\u00f6rre.<\/li>\n<li style=\"font-weight: 400; text-align: left;\">Du minskar insynen.<\/li>\n<li style=\"font-weight: 400; text-align: left;\">Du kan jobba med ljuset i f\u00f6nster och d\u00e4r vid trolla bort generande ljus fr\u00e5n gatubelysning eller grannarnas belysning som st\u00f6r.<\/li>\n<li style=\"font-weight: 400; text-align: left;\">N\u00e4r det \u00e4r m\u00f6rkt ute s\u00e5 k\u00e4nns dina f\u00f6nster ofta som ett svart blank h\u00e5l, med belysning f\u00e5r du liv i f\u00f6nstret.<\/li>\n<li style=\"font-weight: 400; text-align: left;\">Finns dina f\u00f6nster p\u00e5 nedre plan kan du troligen \u00e5stadkomma ett fint sl\u00e4pljus ute.<\/li>\n<li style=\"font-weight: 400; text-align: left;\">Belys dina f\u00f6nster varsamt och inte med f\u00f6r skarpt ljus. T\u00e4nk p\u00e5 att dina grannar inte skall bli bl\u00e4ndade.<\/li>\n<\/ul>\n<h5 style=\"text-align: center;\"><strong>Det finns mera inspiration om bordslampor p\u00e5 bloggen<\/strong><\/h5>\n<h4 style=\"text-align: center;\">&#8221;<a href=\"https:\/\/www.2700kelvin.se\/wp-admin\/post.php?post=743&amp;action=edit\"><strong>Bordslampan &#8211; ljuss\u00e4ttningen f\u00f6rst d\u00e4refter lampa<\/strong><\/a>&#8221;<\/h4>\n<h4 style=\"text-align: center;\">Ha kul inred med ljus och lampor<\/h4>\n<h4 style=\"text-align: center;\">Kram Lotte \ud83d\ude00<\/h4>\n<p>PS Bilderna \u00e4r &#8221;2700kelvin och Pintrest., \u00e4ven fr\u00e5n leverant\u00f6rernas inspirations bilder, men denna blogg \u00e4r inte\u00a0sponsoret p\u00e5 n\u00e5got s\u00e4tt! DS<\/p>\n","protected":false},"excerpt":{"rendered":"<p>F\u00f6nsterlampor lyser fint upp i vinterm\u00f6rkret. Passa p\u00e5 att ers\u00e4tta julens belysning med en lampa, f\u00f6r aldrig k\u00e4nns v\u00e4l hemmet s\u00e5 m\u00f6rkt som n\u00e4r julbelysningen f\u00f6rsvinner i januari eller i september n\u00e4r dagen blir kortare.<\/p>\n","protected":false},"author":1,"featured_media":755,"comment_status":"open","ping_status":"open","sticky":false,"template":"","format":"standard","meta":{"_acf_changed":false,"_mo_disable_npp":"","om_disable_all_campaigns":false,"_monsterinsights_skip_tracking":false,"_monsterinsights_sitenote_active":false,"_monsterinsights_sitenote_note":"","_monsterinsights_sitenote_category":0,"_uf_show_specific_survey":0,"_uf_disable_surveys":false,"_themeisle_gutenberg_block_has_review":false,"_silent-publish":false,"footnotes":""},"categories":[31,13,17],"tags":[66,48,65,64,63,35,24,61],"class_list":["post-1369","post","type-post","status-publish","format-standard","has-post-thumbnail","hentry","category-bordslampor","category-inomhusbelysning","category-ljusplanering","tag-belysningsinspiration","tag-belysningstips","tag-bordslampor","tag-fonsterlampor","tag-fonsterlampor-lyser-fint-upp-i-vintermorkret","tag-inred-med-lampor","tag-inred-med-ljus","tag-ljussattning"],"acf":[],"aioseo_notices":[],"_links":{"self":[{"href":"https:\/\/www.2700kelvin.se\/home\/wp-json\/wp\/v2\/posts\/1369","targetHints":{"allow":["GET"]}}],"collection":[{"href":"https:\/\/www.2700kelvin.se\/home\/wp-json\/wp\/v2\/posts"}],"about":[{"href":"https:\/\/www.2700kelvin.se\/home\/wp-json\/wp\/v2\/types\/post"}],"author":[{"embeddable":true,"href":"https:\/\/www.2700kelvin.se\/home\/wp-json\/wp\/v2\/users\/1"}],"replies":[{"embeddable":true,"href":"https:\/\/www.2700kelvin.se\/home\/wp-json\/wp\/v2\/comments?post=1369"}],"version-history":[{"count":13,"href":"https:\/\/www.2700kelvin.se\/home\/wp-json\/wp\/v2\/posts\/1369\/revisions"}],"predecessor-version":[{"id":1720,"href":"https:\/\/www.2700kelvin.se\/home\/wp-json\/wp\/v2\/posts\/1369\/revisions\/1720"}],"wp:featuredmedia":[{"embeddable":true,"href":"https:\/\/www.2700kelvin.se\/home\/wp-json\/wp\/v2\/media\/755"}],"wp:attachment":[{"href":"https:\/\/www.2700kelvin.se\/home\/wp-json\/wp\/v2\/media?parent=1369"}],"wp:term":[{"taxonomy":"category","embeddable":true,"href":"https:\/\/www.2700kelvin.se\/home\/wp-json\/wp\/v2\/categories?post=1369"},{"taxonomy":"post_tag","embeddable":true,"href":"https:\/\/www.2700kelvin.se\/home\/wp-json\/wp\/v2\/tags?post=1369"}],"curies":[{"name":"wp","href":"https:\/\/api.w.org\/{rel}","templated":true}]}}