{"id":1339,"date":"2018-11-22T22:41:25","date_gmt":"2018-11-22T21:41:25","guid":{"rendered":"https:\/\/www.2700kelvin.se\/home\/?p=1339"},"modified":"2025-03-17T19:00:45","modified_gmt":"2025-03-17T18:00:45","slug":"belysa-costa-brava-en-rigtig-ljuspunkt","status":"publish","type":"post","link":"https:\/\/www.2700kelvin.se\/home\/2018\/11\/22\/belysa-costa-brava-en-rigtig-ljuspunkt\/","title":{"rendered":"Belysa Costa Blanca, en rigtig ljuspunkt."},"content":{"rendered":"<p>Belysa Costa Blanca, en riktig ljuspunkt. En trevlig intervju fr\u00e5n fantastiska Altea av <strong><span class=\"_1nb_ fwn fcg\" data-ft=\"{&quot;tn&quot;:&quot;C&quot;}\"><span class=\"fwb\" data-ft=\"{&quot;tn&quot;:&quot;k&quot;}\"><a href=\"https:\/\/www.facebook.com\/fastighetsbyranalteabenidorm\/?__tn__=kCH-R&amp;eid=ARCLv01C4WnTUYN278y12_93C4A7liWRKevRhUtTTkcUKAfARRygcYQBE4pf_eS1aypRTwa52Eiuwxkg&amp;hc_ref=ARRyea4NN_I5k7LwqxRRXpyGqD0k5fOLObW0sPXoEaebk0jznx8uJFdJguqPPsAaZds&amp;fref=nf&amp;__xts__%5B0%5D=68.ARAIu1uiO55khDXPxacbaqG1zcXVPoOlpM4pZ8CMlid54uxnIwXh53Rp8kpYHW2GlKGF6I7itzxD2CCPO9rsMqm6qr4njufAChbnY7B807-0TThYMIBYcftvftpriS1-MG6aMfa29z6fO9NK6u8RUonGJctZ8Fl0IzHr657zvZcvzA9yztwOMUd05wMK4eMCv1xV7VI07IXdcqsVbE5bwctisuR6wWb3lNj2wQ4fiH4t0ziYtoHOl2YqSCefupBLgsvDWxpFSnSxmoMJdBvW7NaFvf7OfCYN0baclN6paNUBVIvA8pU4SrqQ1RWcYtKntiRCRd6wDhiNEtqKkXZm\" data-hovercard=\"\/ajax\/hovercard\/page.php?id=891557350855506&amp;extragetparams=%7B%22__tn__%22%3A%22%2CdkCH-R-R%22%2C%22eid%22%3A%22ARCLv01C4WnTUYN278y12_93C4A7liWRKevRhUtTTkcUKAfARRygcYQBE4pf_eS1aypRTwa52Eiuwxkg%22%2C%22hc_ref%22%3A%22ARRyea4NN_I5k7LwqxRRXpyGqD0k5fOLObW0sPXoEaebk0jznx8uJFdJguqPPsAaZds%22%2C%22fref%22%3A%22nf%22%7D\" data-hovercard-prefer-more-content-show=\"1\" data-hovercard-referer=\"ARRyea4NN_I5k7LwqxRRXpyGqD0k5fOLObW0sPXoEaebk0jznx8uJFdJguqPPsAaZds\">Fastighetsbyr\u00e5n Altea\/Benidorm<\/a><\/span><\/span>.<\/strong> Det \u00e4r faktiskt lite skillnader som man ska ta h\u00e4nsyn till n\u00e4r man ljuss\u00e4tter.<\/p>\n<div id=\"attachment_1342\" style=\"width: 509px\" class=\"wp-caption aligncenter\"><a href=\"https:\/\/www.2700kelvin.se\/wp-content\/uploads\/2018\/11\/IMG_4527.jpg\"><img fetchpriority=\"high\" decoding=\"async\" aria-describedby=\"caption-attachment-1342\" class=\"wp-image-1342\" src=\"https:\/\/www.2700kelvin.se\/wp-content\/uploads\/2018\/11\/IMG_4527-e1542919866759-768x1024.jpg\" alt=\"\" width=\"499\" height=\"666\" srcset=\"https:\/\/www.2700kelvin.se\/wp-content\/uploads\/2018\/11\/IMG_4527-e1542919866759-768x1024.jpg 768w, https:\/\/www.2700kelvin.se\/wp-content\/uploads\/2018\/11\/IMG_4527-e1542919866759-225x300.jpg 225w\" sizes=\"(max-width: 499px) 100vw, 499px\" \/><\/a><p id=\"caption-attachment-1342\" class=\"wp-caption-text\">Skymning p\u00e5 strandpromenaden- Altea.<\/p><\/div>\n<p>Vi fick nys om att en omskriven belysningskonsult, Charlotte Gotfredsen var i Altea.\u00a0Charlotte, driver bolaget 2700Kelvin med fokus p\u00e5 ljuss\u00e4ttning i privata bost\u00e4der, hemma i Norden och vart det finns uppdrag. Hon anordnar workshops och f\u00f6rel\u00e4ser, inspirat\u00f6r f\u00f6r god och fin ljuss\u00e4ttning via bloggen p\u00e5\u00a0<a href=\"https:\/\/l.facebook.com\/l.php?u=http%3A%2F%2Fwww.2700kelvin.se%2F%3Ffbclid%3DIwAR07EacYJnoUiGAJOtqXKjdBhx0kQx7iRfLN-LYdnrYy2R-jLim2fcbjxG8&amp;h=AT0W6vJqdKAB89j6psntZBvxuJFWfP5tzbVat2rpZvgE87xTL32DjVYJtIwoslbpPeuB_ZVQfu_ZOZ6Cyo3_X0wsdoEZEln_IviQ6D1aKnCwFGAYAzXZYe45_a-RSYZHDBuSGOrAyNKJ2dS7ihrgMAvhx8v-ggjwC7dOWri-ioxptiDod19zSB5SjFJ5gyuyEUROYlElQcuCGwp25ZWayPVuDPWlYhgdfeFIL5XBPuHE2zmvAkW41iS-WhtwqSGgAtFludzsHL07kVL8eTcwtrJQfOg_-onODPsRkOMPoxR0VzY8jzwWGZ6lCXxzTdKvvPl_edE0ointqt8njNVb4OweiemAqDAsEN5uyBBG_pL36nhulL6LwRPUbIfy2OYCJZJ40gfJH2fSq8vcE922x37tYbRxxbjwcwqebN9WWcsLAZdgOdVRH0Z23VQRf7c4etkDyXiv6RD3nwLRxZdIHF2MZILAOvbsmU6OmwiSYVQG-ewFQh9avo4zIg9ZQVwuabjYLK2X0rr3o1Tf8fnCkz3FbREGg3DM5KRN-VMEPgJ1Utwln1YxNDFRR5gUazH9jHLWyeiF9J_u9x7h1LcWeOijyplYOqwPIBVPPag1BhJ2G4s6ED5YSgxBzFbYyfGXQhkC\" target=\"_blank\" rel=\"noopener nofollow noreferrer\" data-ft=\"{&quot;tn&quot;:&quot;-U&quot;}\" data-lynx-mode=\"async\">www.2700kelvin.se<\/a>\u00a0och @2700kelvin<\/p>\n<p>Vi fick till tre snabba fr\u00e5gor!<\/p>\n<div class=\"mtm _5pco\" data-ad-preview=\"message\" data-ft=\"{&quot;tn&quot;:&quot;K&quot;}\">\n<p><strong>Varf\u00f6r var du i Altea? Var det f\u00f6r ljusets skull?! <\/strong><\/p>\n<p>S\u00e5klart var det s\u00e5, i dubbel bem\u00e4rkelse. Den h\u00e4r tiden p\u00e5 \u00e5ret \u00e4r det sk\u00f6nt ljus h\u00e4r i Spanien, det \u00e4r alltid en ynnest att f\u00e5 resa s\u00f6der \u00f6ver p\u00e5 h\u00f6sten och v\u00e5ren.<br \/>\nAltea \u00e4r en stad som jag verkligen uppskattar, det \u00e4r en mycket vacker och genuin stad, massor med inspirerande och avkopplande promenera, har till och med badat varje dag i havet nu i oktober ;-D<\/p>\n<p>Jag har ett par belysningsuppdrag h\u00e4r ocks\u00e5, ett fantastiskt fint townhouse och en l\u00e4genhet byggt p\u00e5 80-talet med super h\u00e4rlig altan, uppdragen har helt olika f\u00f6ruts\u00e4ttningar och behov av ljuss\u00e4ttning.<\/p>\n<p><a href=\"https:\/\/www.2700kelvin.se\/wp-content\/uploads\/2018\/11\/IMG_3239.jpg\"><img decoding=\"async\" class=\"aligncenter size-large wp-image-1346\" src=\"https:\/\/www.2700kelvin.se\/wp-content\/uploads\/2018\/11\/IMG_3239-1024x768.jpg\" alt=\"\" width=\"640\" height=\"480\" srcset=\"https:\/\/www.2700kelvin.se\/wp-content\/uploads\/2018\/11\/IMG_3239-1024x768.jpg 1024w, https:\/\/www.2700kelvin.se\/wp-content\/uploads\/2018\/11\/IMG_3239-300x225.jpg 300w, https:\/\/www.2700kelvin.se\/wp-content\/uploads\/2018\/11\/IMG_3239-768x576.jpg 768w\" sizes=\"(max-width: 640px) 100vw, 640px\" \/><\/a><\/p>\n<h5><strong>Vad \u00e4r de stora skillnaderna n\u00e4r man ser till belysning, mellan Sverige och Spanien?<\/strong><\/h5>\n<p>Det h\u00e4r \u00e4r verkligen en sp\u00e4nnande fr\u00e5ga.\u00a0Spanjorerna anv\u00e4nds mera kallt ljuset och st\u00e4rkt ljus fr\u00e5n f\u00e5 ljuspunkter, det blir ett rent funktionsljus hemma, inte s\u00e5 mycket mysbelysning som vi \u00e4r vana vid i Norden.<\/p>\n<p>Mys belysningen \u00e4r rimlig enkelt att adderas, hittar man inte r\u00e4tt design h\u00e4r, s\u00e5 \u00e4r det bara att ta med ned hemifr\u00e5n.<br \/>\nUtomhus belysning i Norden \u00e4r mera funktion, f\u00f6r s\u00e4kerhet (Belysa v\u00e4gar, trappor, d\u00f6rrar f\u00f6r inbrott) och inte f\u00f6r att njuta. N\u00e4r vi kan vara ute, under sommarm\u00e5naderna har vi ju solen under de l\u00e5nga kv\u00e4llarna! I Spanien blir det snabbt m\u00f6rka kv\u00e4llar, men man stannar ju g\u00e4rna utomhus.<br \/>\nEn f\u00f6ljd av det \u00e4r att de d\u00e4remot \u00e4r v\u00e4ldigt duktig p\u00e5 att ljussatta sin utemilj\u00f6, tr\u00e4dg\u00e5rdar, fasader, pooler, otroligt fint belysning. Mjuk och f\u00f6rsiktig belysning, lekfullt och fint. Allt f\u00f6r att kunna njuta av kv\u00e4llarna! Stora favorit, promenadv\u00e4gen i Alteas gamla dela.<\/p>\n<div id=\"attachment_1345\" style=\"width: 525px\" class=\"wp-caption aligncenter\"><a href=\"https:\/\/www.2700kelvin.se\/wp-content\/uploads\/2018\/11\/IMG_4418.jpg\"><img decoding=\"async\" aria-describedby=\"caption-attachment-1345\" class=\"wp-image-1345 \" src=\"https:\/\/www.2700kelvin.se\/wp-content\/uploads\/2018\/11\/IMG_4418-e1542920480541-768x1024.jpg\" alt=\"\" width=\"515\" height=\"686\" srcset=\"https:\/\/www.2700kelvin.se\/wp-content\/uploads\/2018\/11\/IMG_4418-e1542920480541-768x1024.jpg 768w, https:\/\/www.2700kelvin.se\/wp-content\/uploads\/2018\/11\/IMG_4418-e1542920480541-225x300.jpg 225w\" sizes=\"(max-width: 515px) 100vw, 515px\" \/><\/a><p id=\"caption-attachment-1345\" class=\"wp-caption-text\">L\u00f6rdags marknad i Xalo, med massor med fina lampor.<\/p><\/div>\n<p><strong>Nu under de m\u00f6rka m\u00e5naderna i Norden, vad har du f\u00e5r tips till ljust\u00f6rstande nordbor?<\/strong><br \/>\nK\u00f6p ett hus i Altea!\u00a0<span class=\"_5mfr\"><span class=\"_6qdm\">\u2600\ufe0f<\/span><\/span><br \/>\nJag ser ofta att man sk\u00e4rmar av sig fr\u00e5n sin utemilj\u00f6, men g\u00f6r inte det. Belys er tr\u00e4dg\u00e5rd, er balkong eller vad som! Knyt ihop inne och ute. Det \u00e4r oftast v\u00e4ldigt vackert ute, om man kan se vad som finns! T\u00e4nk f\u00f6rst p\u00e5 vad du vill belysa \u2013 d\u00e4refter v\u00e4ljer du l\u00e4mplig lampa.<\/p>\n<h4 style=\"text-align: center;\">Inred massor med ljus ! Kram Lotte<\/h4>\n<p>Charlotte Gotfredsen driver bolaget 2700Kelvin med fokus p\u00e5 ljuss\u00e4ttning i privata bost\u00e4der, hemma i Norden och vart det finns uppdrag. Hon anordnar workshops och f\u00f6rel\u00e4ser, inspirat\u00f6r f\u00f6r god och fin ljuss\u00e4ttning via bloggen p\u00e5\u00a0<a href=\"https:\/\/l.facebook.com\/l.php?u=http%3A%2F%2Fwww.2700kelvin.se%2F%3Ffbclid%3DIwAR07EacYJnoUiGAJOtqXKjdBhx0kQx7iRfLN-LYdnrYy2R-jLim2fcbjxG8&amp;h=AT0W6vJqdKAB89j6psntZBvxuJFWfP5tzbVat2rpZvgE87xTL32DjVYJtIwoslbpPeuB_ZVQfu_ZOZ6Cyo3_X0wsdoEZEln_IviQ6D1aKnCwFGAYAzXZYe45_a-RSYZHDBuSGOrAyNKJ2dS7ihrgMAvhx8v-ggjwC7dOWri-ioxptiDod19zSB5SjFJ5gyuyEUROYlElQcuCGwp25ZWayPVuDPWlYhgdfeFIL5XBPuHE2zmvAkW41iS-WhtwqSGgAtFludzsHL07kVL8eTcwtrJQfOg_-onODPsRkOMPoxR0VzY8jzwWGZ6lCXxzTdKvvPl_edE0ointqt8njNVb4OweiemAqDAsEN5uyBBG_pL36nhulL6LwRPUbIfy2OYCJZJ40gfJH2fSq8vcE922x37tYbRxxbjwcwqebN9WWcsLAZdgOdVRH0Z23VQRf7c4etkDyXiv6RD3nwLRxZdIHF2MZILAOvbsmU6OmwiSYVQG-ewFQh9avo4zIg9ZQVwuabjYLK2X0rr3o1Tf8fnCkz3FbREGg3DM5KRN-VMEPgJ1Utwln1YxNDFRR5gUazH9jHLWyeiF9J_u9x7h1LcWeOijyplYOqwPIBVPPag1BhJ2G4s6ED5YSgxBzFbYyfGXQhkC\" target=\"_blank\" rel=\"noopener nofollow noreferrer\" data-ft=\"{&quot;tn&quot;:&quot;-U&quot;}\" data-lynx-mode=\"async\">www.2700kelvin.se<\/a>\u00a0och @2700kelvin<\/p>\n<\/div>\n<h4 style=\"text-align: center;\"><\/h4>\n<div id=\"attachment_1347\" style=\"width: 650px\" class=\"wp-caption aligncenter\"><a href=\"https:\/\/www.2700kelvin.se\/wp-content\/uploads\/2018\/11\/IMG_4567.jpg\"><img loading=\"lazy\" decoding=\"async\" aria-describedby=\"caption-attachment-1347\" class=\"wp-image-1347 size-large\" src=\"https:\/\/www.2700kelvin.se\/wp-content\/uploads\/2018\/11\/IMG_4567-1024x1024.jpg\" alt=\"\" width=\"640\" height=\"640\" srcset=\"https:\/\/www.2700kelvin.se\/wp-content\/uploads\/2018\/11\/IMG_4567-1024x1024.jpg 1024w, https:\/\/www.2700kelvin.se\/wp-content\/uploads\/2018\/11\/IMG_4567-150x150.jpg 150w, https:\/\/www.2700kelvin.se\/wp-content\/uploads\/2018\/11\/IMG_4567-300x300.jpg 300w, https:\/\/www.2700kelvin.se\/wp-content\/uploads\/2018\/11\/IMG_4567-768x768.jpg 768w, https:\/\/www.2700kelvin.se\/wp-content\/uploads\/2018\/11\/IMG_4567-800x800.jpg 800w, https:\/\/www.2700kelvin.se\/wp-content\/uploads\/2018\/11\/IMG_4567.jpg 1080w\" sizes=\"(max-width: 640px) 100vw, 640px\" \/><\/a><p id=\"caption-attachment-1347\" class=\"wp-caption-text\">Nu skall vi jobba lite oxs\u00e5&#8230;.<\/p><\/div>\n<p><a href=\"https:\/\/www.2700kelvin.se\/wp-content\/uploads\/2018\/11\/IMG_4530.jpg\"><img loading=\"lazy\" decoding=\"async\" class=\"aligncenter size-large wp-image-1343\" src=\"https:\/\/www.2700kelvin.se\/wp-content\/uploads\/2018\/11\/IMG_4530-1024x768.jpg\" alt=\"\" width=\"640\" height=\"480\" srcset=\"https:\/\/www.2700kelvin.se\/wp-content\/uploads\/2018\/11\/IMG_4530-1024x768.jpg 1024w, https:\/\/www.2700kelvin.se\/wp-content\/uploads\/2018\/11\/IMG_4530-300x225.jpg 300w, https:\/\/www.2700kelvin.se\/wp-content\/uploads\/2018\/11\/IMG_4530-768x576.jpg 768w\" sizes=\"(max-width: 640px) 100vw, 640px\" \/><\/a><\/p>\n<div class=\"mtm _5pco\" data-ad-preview=\"message\" data-ft=\"{&quot;tn&quot;:&quot;K&quot;}\"><\/div>\n","protected":false},"excerpt":{"rendered":"<p>Belysa Costa Brava, en rigtig ljuspunkt.<\/p>\n","protected":false},"author":1,"featured_media":1341,"comment_status":"open","ping_status":"open","sticky":false,"template":"","format":"standard","meta":{"_acf_changed":false,"_mo_disable_npp":"","om_disable_all_campaigns":false,"_monsterinsights_skip_tracking":false,"_monsterinsights_sitenote_active":false,"_monsterinsights_sitenote_note":"","_monsterinsights_sitenote_category":0,"_uf_show_specific_survey":0,"_uf_disable_surveys":false,"_themeisle_gutenberg_block_has_review":false,"_silent-publish":false,"footnotes":""},"categories":[28,13],"tags":[62,61],"class_list":["post-1339","post","type-post","status-publish","format-standard","has-post-thumbnail","hentry","category-dagsljus","category-inomhusbelysning","tag-belysningsdesign","tag-ljussattning"],"acf":[],"aioseo_notices":[],"_links":{"self":[{"href":"https:\/\/www.2700kelvin.se\/home\/wp-json\/wp\/v2\/posts\/1339","targetHints":{"allow":["GET"]}}],"collection":[{"href":"https:\/\/www.2700kelvin.se\/home\/wp-json\/wp\/v2\/posts"}],"about":[{"href":"https:\/\/www.2700kelvin.se\/home\/wp-json\/wp\/v2\/types\/post"}],"author":[{"embeddable":true,"href":"https:\/\/www.2700kelvin.se\/home\/wp-json\/wp\/v2\/users\/1"}],"replies":[{"embeddable":true,"href":"https:\/\/www.2700kelvin.se\/home\/wp-json\/wp\/v2\/comments?post=1339"}],"version-history":[{"count":6,"href":"https:\/\/www.2700kelvin.se\/home\/wp-json\/wp\/v2\/posts\/1339\/revisions"}],"predecessor-version":[{"id":2261,"href":"https:\/\/www.2700kelvin.se\/home\/wp-json\/wp\/v2\/posts\/1339\/revisions\/2261"}],"wp:featuredmedia":[{"embeddable":true,"href":"https:\/\/www.2700kelvin.se\/home\/wp-json\/wp\/v2\/media\/1341"}],"wp:attachment":[{"href":"https:\/\/www.2700kelvin.se\/home\/wp-json\/wp\/v2\/media?parent=1339"}],"wp:term":[{"taxonomy":"category","embeddable":true,"href":"https:\/\/www.2700kelvin.se\/home\/wp-json\/wp\/v2\/categories?post=1339"},{"taxonomy":"post_tag","embeddable":true,"href":"https:\/\/www.2700kelvin.se\/home\/wp-json\/wp\/v2\/tags?post=1339"}],"curies":[{"name":"wp","href":"https:\/\/api.w.org\/{rel}","templated":true}]}}